{"id":5166,"date":"2025-02-05T18:27:21","date_gmt":"2025-02-05T18:27:21","guid":{"rendered":"https:\/\/atlantidoc.com\/site\/?p=5166"},"modified":"2026-03-05T21:35:00","modified_gmt":"2026-03-05T21:35:00","slug":"festival-atlantidoc-2025-edicion-19","status":"publish","type":"post","link":"https:\/\/atlantidoc.com\/site\/festival-atlantidoc-2025-edicion-19\/","title":{"rendered":"Anuncio Festival Atlantidoc 2025, Edici\u00f3n 19"},"content":{"rendered":"\t\t<div data-elementor-type=\"wp-post\" data-elementor-id=\"5166\" class=\"elementor elementor-5166\" data-elementor-post-type=\"post\">\n\t\t\t\t<div class=\"elementor-element elementor-element-31dcac0 e-flex e-con-boxed e-con e-parent\" data-id=\"31dcac0\" data-element_type=\"container\" data-settings=\"{&quot;ekit_has_onepagescroll_dot&quot;:&quot;yes&quot;}\">\n\t\t\t\t\t<div class=\"e-con-inner\">\n\t\t\t\t<div class=\"elementor-element elementor-element-1d792cc elementor-widget elementor-widget-spacer\" data-id=\"1d792cc\" data-element_type=\"widget\" data-settings=\"{&quot;ekit_we_effect_on&quot;:&quot;none&quot;}\" data-widget_type=\"spacer.default\">\n\t\t\t\t<div class=\"elementor-widget-container\">\n\t\t\t\t\t\t\t<div class=\"elementor-spacer\">\n\t\t\t<div class=\"elementor-spacer-inner\"><\/div>\n\t\t<\/div>\n\t\t\t\t\t\t<\/div>\n\t\t\t\t<\/div>\n\t\t\t\t<div class=\"elementor-element elementor-element-7eefdea elementor-widget elementor-widget-text-editor\" data-id=\"7eefdea\" data-element_type=\"widget\" data-settings=\"{&quot;ekit_we_effect_on&quot;:&quot;none&quot;}\" data-widget_type=\"text-editor.default\">\n\t\t\t\t<div class=\"elementor-widget-container\">\n\t\t\t\t\t\t\t\t\t<div>\n<p>La denominaci\u00f3n festival proviene de <strong>\u00abfiesta\u00bb<\/strong>, en el caso de <strong>Atlantidoc<\/strong> se trata de la fiesta del cine documental y ocurre la segunda quincena de octubre para disfrute del p\u00fablico de todo el Uruguay.<\/p>\n<p>Este a\u00f1o con nuevas autoridades de gobierno, al que le deseamos la mejor de la suertes en su desempe\u00f1o, y manteniendo nuestras caracter\u00edsticas fundamentales como la programaci\u00f3n de calidad, los espacios para apoyar a documentalistas sudamericanos en el <strong>Taller de guion<\/strong>, los premios a creadores del pa\u00eds para finalizar sus obras de la mejor manera, las muestras retrospectivas en televisi\u00f3n regional, la creaci\u00f3n de documentales cortos por grupos de estudiantes de secundaria y los encuentros y clases magistrales que tanto nos fortalecen.<\/p>\n<p>Este a\u00f1o con una innovaci\u00f3n en el <strong>Premio Atlantidoc<\/strong> en una obra en 3D que sorprender\u00e1!<\/p>\n<p>The name festival comes from <strong>\u201cparty\u201d<\/strong>, in the case of <strong>Atlantidoc<\/strong> it is the festival of documentary film and it takes place in the second half of October for the enjoyment of the public from all over Uruguay.<\/p>\n<p>This year with new government authorities, to whom we wish the best of luck in their performance, and maintaining our fundamental characteristics such as quality programming, spaces to support South American documentary filmmakers in the <strong>Script Workshop<\/strong>, awards to creators of the country to finish their works in the best way, retrospective shows on regional television, the creation of short documentaries by groups of high school students and meetings and master classes that strengthen us so much.<\/p>\n<p>This year with an innovation in the <strong>Atlantidoc Award<\/strong> in a 3D work that will surprise!<\/p>\n<\/div>\n<p><!-- \/wp:paragraph --><\/p>\t\t\t\t\t\t\t\t<\/div>\n\t\t\t\t<\/div>\n\t\t\t\t<div class=\"elementor-element elementor-element-12bc50e elementor-widget elementor-widget-spacer\" data-id=\"12bc50e\" data-element_type=\"widget\" data-settings=\"{&quot;ekit_we_effect_on&quot;:&quot;none&quot;}\" data-widget_type=\"spacer.default\">\n\t\t\t\t<div class=\"elementor-widget-container\">\n\t\t\t\t\t\t\t<div class=\"elementor-spacer\">\n\t\t\t<div class=\"elementor-spacer-inner\"><\/div>\n\t\t<\/div>\n\t\t\t\t\t\t<\/div>\n\t\t\t\t<\/div>\n\t\t\t\t\t<\/div>\n\t\t\t\t<\/div>\n\t\t\t\t<\/div>\n\t\t","protected":false},"excerpt":{"rendered":"<p>La denominaci\u00f3n festival proviene de \u00abfiesta\u00bb, en el caso de Atlantidoc se trata de la fiesta del cine documental y ocurre la segunda quincena de octubre para disfrute del p\u00fablico de todo el Uruguay. Este a\u00f1o con nuevas autoridades de gobierno, al que le deseamos la mejor de la suertes en su desempe\u00f1o, y manteniendo [&hellip;]<\/p>\n","protected":false},"author":1,"featured_media":0,"comment_status":"closed","ping_status":"closed","sticky":false,"template":"","format":"standard","meta":{"site-sidebar-layout":"default","site-content-layout":"","ast-site-content-layout":"","site-content-style":"default","site-sidebar-style":"default","ast-global-header-display":"","ast-banner-title-visibility":"","ast-main-header-display":"","ast-hfb-above-header-display":"","ast-hfb-below-header-display":"","ast-hfb-mobile-header-display":"","site-post-title":"","ast-breadcrumbs-content":"","ast-featured-img":"","footer-sml-layout":"","theme-transparent-header-meta":"","adv-header-id-meta":"","stick-header-meta":"","header-above-stick-meta":"","header-main-stick-meta":"","header-below-stick-meta":"","astra-migrate-meta-layouts":"default","ast-page-background-enabled":"default","ast-page-background-meta":{"desktop":{"background-color":"var(--ast-global-color-4)","background-image":"","background-repeat":"repeat","background-position":"center center","background-size":"auto","background-attachment":"scroll","background-type":"","background-media":"","overlay-type":"","overlay-color":"","overlay-opacity":"","overlay-gradient":""},"tablet":{"background-color":"","background-image":"","background-repeat":"repeat","background-position":"center center","background-size":"auto","background-attachment":"scroll","background-type":"","background-media":"","overlay-type":"","overlay-color":"","overlay-opacity":"","overlay-gradient":""},"mobile":{"background-color":"","background-image":"","background-repeat":"repeat","background-position":"center center","background-size":"auto","background-attachment":"scroll","background-type":"","background-media":"","overlay-type":"","overlay-color":"","overlay-opacity":"","overlay-gradient":""}},"ast-content-background-meta":{"desktop":{"background-color":"var(--ast-global-color-5)","background-image":"","background-repeat":"repeat","background-position":"center center","background-size":"auto","background-attachment":"scroll","background-type":"","background-media":"","overlay-type":"","overlay-color":"","overlay-opacity":"","overlay-gradient":""},"tablet":{"background-color":"var(--ast-global-color-5)","background-image":"","background-repeat":"repeat","background-position":"center center","background-size":"auto","background-attachment":"scroll","background-type":"","background-media":"","overlay-type":"","overlay-color":"","overlay-opacity":"","overlay-gradient":""},"mobile":{"background-color":"var(--ast-global-color-5)","background-image":"","background-repeat":"repeat","background-position":"center center","background-size":"auto","background-attachment":"scroll","background-type":"","background-media":"","overlay-type":"","overlay-color":"","overlay-opacity":"","overlay-gradient":""}},"footnotes":""},"categories":[20,1],"tags":[],"class_list":["post-5166","post","type-post","status-publish","format-standard","hentry","category-atlantidoc-19","category-general"],"yoast_head":"<!-- This site is optimized with the Yoast SEO plugin v27.2 - https:\/\/yoast.com\/product\/yoast-seo-wordpress\/ -->\n<title>Anuncio Festival Atlantidoc 2025, Edici\u00f3n 19 -<\/title>\n<meta name=\"robots\" content=\"index, follow, max-snippet:-1, max-image-preview:large, max-video-preview:-1\" \/>\n<link rel=\"canonical\" href=\"https:\/\/atlantidoc.com\/site\/festival-atlantidoc-2025-edicion-19\/\" \/>\n<meta property=\"og:locale\" content=\"es_ES\" \/>\n<meta property=\"og:type\" content=\"article\" \/>\n<meta property=\"og:title\" content=\"Anuncio Festival Atlantidoc 2025, Edici\u00f3n 19 -\" \/>\n<meta property=\"og:description\" content=\"La denominaci\u00f3n festival proviene de \u00abfiesta\u00bb, en el caso de Atlantidoc se trata de la fiesta del cine documental y ocurre la segunda quincena de octubre para disfrute del p\u00fablico de todo el Uruguay. Este a\u00f1o con nuevas autoridades de gobierno, al que le deseamos la mejor de la suertes en su desempe\u00f1o, y manteniendo [&hellip;]\" \/>\n<meta property=\"og:url\" content=\"https:\/\/atlantidoc.com\/site\/festival-atlantidoc-2025-edicion-19\/\" \/>\n<meta property=\"article:published_time\" content=\"2025-02-05T18:27:21+00:00\" \/>\n<meta property=\"article:modified_time\" content=\"2026-03-05T21:35:00+00:00\" \/>\n<meta name=\"author\" content=\"admin\" \/>\n<meta name=\"twitter:card\" content=\"summary_large_image\" \/>\n<meta name=\"twitter:label1\" content=\"Written by\" \/>\n\t<meta name=\"twitter:data1\" content=\"admin\" \/>\n\t<meta name=\"twitter:label2\" content=\"Est. reading time\" \/>\n\t<meta name=\"twitter:data2\" content=\"2 minutos\" \/>\n<script type=\"application\/ld+json\" class=\"yoast-schema-graph\">{\"@context\":\"https:\/\/schema.org\",\"@graph\":[{\"@type\":\"Article\",\"@id\":\"https:\/\/atlantidoc.com\/site\/festival-atlantidoc-2025-edicion-19\/#article\",\"isPartOf\":{\"@id\":\"https:\/\/atlantidoc.com\/site\/festival-atlantidoc-2025-edicion-19\/\"},\"author\":{\"name\":\"admin\",\"@id\":\"https:\/\/atlantidoc.com\/site\/#\/schema\/person\/677fc4fd72cf28df2214d7d64a5c8531\"},\"headline\":\"Anuncio Festival Atlantidoc 2025, Edici\u00f3n 19\",\"datePublished\":\"2025-02-05T18:27:21+00:00\",\"dateModified\":\"2026-03-05T21:35:00+00:00\",\"mainEntityOfPage\":{\"@id\":\"https:\/\/atlantidoc.com\/site\/festival-atlantidoc-2025-edicion-19\/\"},\"wordCount\":279,\"publisher\":{\"@id\":\"https:\/\/atlantidoc.com\/site\/#organization\"},\"articleSection\":[\"Atlantidoc 19\",\"General\"],\"inLanguage\":\"es-UY\"},{\"@type\":\"WebPage\",\"@id\":\"https:\/\/atlantidoc.com\/site\/festival-atlantidoc-2025-edicion-19\/\",\"url\":\"https:\/\/atlantidoc.com\/site\/festival-atlantidoc-2025-edicion-19\/\",\"name\":\"Anuncio Festival Atlantidoc 2025, Edici\u00f3n 19 -\",\"isPartOf\":{\"@id\":\"https:\/\/atlantidoc.com\/site\/#website\"},\"datePublished\":\"2025-02-05T18:27:21+00:00\",\"dateModified\":\"2026-03-05T21:35:00+00:00\",\"breadcrumb\":{\"@id\":\"https:\/\/atlantidoc.com\/site\/festival-atlantidoc-2025-edicion-19\/#breadcrumb\"},\"inLanguage\":\"es-UY\",\"potentialAction\":[{\"@type\":\"ReadAction\",\"target\":[\"https:\/\/atlantidoc.com\/site\/festival-atlantidoc-2025-edicion-19\/\"]}]},{\"@type\":\"BreadcrumbList\",\"@id\":\"https:\/\/atlantidoc.com\/site\/festival-atlantidoc-2025-edicion-19\/#breadcrumb\",\"itemListElement\":[{\"@type\":\"ListItem\",\"position\":1,\"name\":\"Home\",\"item\":\"https:\/\/atlantidoc.com\/site\/\"},{\"@type\":\"ListItem\",\"position\":2,\"name\":\"Anuncio Festival Atlantidoc 2025, Edici\u00f3n 19\"}]},{\"@type\":\"WebSite\",\"@id\":\"https:\/\/atlantidoc.com\/site\/#website\",\"url\":\"https:\/\/atlantidoc.com\/site\/\",\"name\":\"ATLANTIDOC.COM\",\"description\":\"Atlantidoc - Festival Internacional de Cine Documental de Uruguay\",\"publisher\":{\"@id\":\"https:\/\/atlantidoc.com\/site\/#organization\"},\"potentialAction\":[{\"@type\":\"SearchAction\",\"target\":{\"@type\":\"EntryPoint\",\"urlTemplate\":\"https:\/\/atlantidoc.com\/site\/?s={search_term_string}\"},\"query-input\":{\"@type\":\"PropertyValueSpecification\",\"valueRequired\":true,\"valueName\":\"search_term_string\"}}],\"inLanguage\":\"es-UY\"},{\"@type\":\"Organization\",\"@id\":\"https:\/\/atlantidoc.com\/site\/#organization\",\"name\":\"ATLANTIDOC\",\"url\":\"https:\/\/atlantidoc.com\/site\/\",\"logo\":{\"@type\":\"ImageObject\",\"inLanguage\":\"es-UY\",\"@id\":\"https:\/\/atlantidoc.com\/site\/#\/schema\/logo\/image\/\",\"url\":\"https:\/\/atlantidoc.com\/site\/wp-content\/uploads\/2024\/01\/ATLANTIDOC-LOGO-Header-03-yellow-02-01.png\",\"contentUrl\":\"https:\/\/atlantidoc.com\/site\/wp-content\/uploads\/2024\/01\/ATLANTIDOC-LOGO-Header-03-yellow-02-01.png\",\"width\":1460,\"height\":268,\"caption\":\"ATLANTIDOC\"},\"image\":{\"@id\":\"https:\/\/atlantidoc.com\/site\/#\/schema\/logo\/image\/\"}},{\"@type\":\"Person\",\"@id\":\"https:\/\/atlantidoc.com\/site\/#\/schema\/person\/677fc4fd72cf28df2214d7d64a5c8531\",\"name\":\"admin\",\"sameAs\":[\"https:\/\/atlantidoc.com\/site\"],\"url\":\"https:\/\/atlantidoc.com\/site\/author\/r206986\/\"}]}<\/script>\n<!-- \/ Yoast SEO plugin. -->","yoast_head_json":{"title":"Anuncio Festival Atlantidoc 2025, Edici\u00f3n 19 -","robots":{"index":"index","follow":"follow","max-snippet":"max-snippet:-1","max-image-preview":"max-image-preview:large","max-video-preview":"max-video-preview:-1"},"canonical":"https:\/\/atlantidoc.com\/site\/festival-atlantidoc-2025-edicion-19\/","og_locale":"es_ES","og_type":"article","og_title":"Anuncio Festival Atlantidoc 2025, Edici\u00f3n 19 -","og_description":"La denominaci\u00f3n festival proviene de \u00abfiesta\u00bb, en el caso de Atlantidoc se trata de la fiesta del cine documental y ocurre la segunda quincena de octubre para disfrute del p\u00fablico de todo el Uruguay. Este a\u00f1o con nuevas autoridades de gobierno, al que le deseamos la mejor de la suertes en su desempe\u00f1o, y manteniendo [&hellip;]","og_url":"https:\/\/atlantidoc.com\/site\/festival-atlantidoc-2025-edicion-19\/","article_published_time":"2025-02-05T18:27:21+00:00","article_modified_time":"2026-03-05T21:35:00+00:00","author":"admin","twitter_card":"summary_large_image","twitter_misc":{"Written by":"admin","Est. reading time":"2 minutos"},"schema":{"@context":"https:\/\/schema.org","@graph":[{"@type":"Article","@id":"https:\/\/atlantidoc.com\/site\/festival-atlantidoc-2025-edicion-19\/#article","isPartOf":{"@id":"https:\/\/atlantidoc.com\/site\/festival-atlantidoc-2025-edicion-19\/"},"author":{"name":"admin","@id":"https:\/\/atlantidoc.com\/site\/#\/schema\/person\/677fc4fd72cf28df2214d7d64a5c8531"},"headline":"Anuncio Festival Atlantidoc 2025, Edici\u00f3n 19","datePublished":"2025-02-05T18:27:21+00:00","dateModified":"2026-03-05T21:35:00+00:00","mainEntityOfPage":{"@id":"https:\/\/atlantidoc.com\/site\/festival-atlantidoc-2025-edicion-19\/"},"wordCount":279,"publisher":{"@id":"https:\/\/atlantidoc.com\/site\/#organization"},"articleSection":["Atlantidoc 19","General"],"inLanguage":"es-UY"},{"@type":"WebPage","@id":"https:\/\/atlantidoc.com\/site\/festival-atlantidoc-2025-edicion-19\/","url":"https:\/\/atlantidoc.com\/site\/festival-atlantidoc-2025-edicion-19\/","name":"Anuncio Festival Atlantidoc 2025, Edici\u00f3n 19 -","isPartOf":{"@id":"https:\/\/atlantidoc.com\/site\/#website"},"datePublished":"2025-02-05T18:27:21+00:00","dateModified":"2026-03-05T21:35:00+00:00","breadcrumb":{"@id":"https:\/\/atlantidoc.com\/site\/festival-atlantidoc-2025-edicion-19\/#breadcrumb"},"inLanguage":"es-UY","potentialAction":[{"@type":"ReadAction","target":["https:\/\/atlantidoc.com\/site\/festival-atlantidoc-2025-edicion-19\/"]}]},{"@type":"BreadcrumbList","@id":"https:\/\/atlantidoc.com\/site\/festival-atlantidoc-2025-edicion-19\/#breadcrumb","itemListElement":[{"@type":"ListItem","position":1,"name":"Home","item":"https:\/\/atlantidoc.com\/site\/"},{"@type":"ListItem","position":2,"name":"Anuncio Festival Atlantidoc 2025, Edici\u00f3n 19"}]},{"@type":"WebSite","@id":"https:\/\/atlantidoc.com\/site\/#website","url":"https:\/\/atlantidoc.com\/site\/","name":"ATLANTIDOC.COM","description":"Atlantidoc - Festival Internacional de Cine Documental de Uruguay","publisher":{"@id":"https:\/\/atlantidoc.com\/site\/#organization"},"potentialAction":[{"@type":"SearchAction","target":{"@type":"EntryPoint","urlTemplate":"https:\/\/atlantidoc.com\/site\/?s={search_term_string}"},"query-input":{"@type":"PropertyValueSpecification","valueRequired":true,"valueName":"search_term_string"}}],"inLanguage":"es-UY"},{"@type":"Organization","@id":"https:\/\/atlantidoc.com\/site\/#organization","name":"ATLANTIDOC","url":"https:\/\/atlantidoc.com\/site\/","logo":{"@type":"ImageObject","inLanguage":"es-UY","@id":"https:\/\/atlantidoc.com\/site\/#\/schema\/logo\/image\/","url":"https:\/\/atlantidoc.com\/site\/wp-content\/uploads\/2024\/01\/ATLANTIDOC-LOGO-Header-03-yellow-02-01.png","contentUrl":"https:\/\/atlantidoc.com\/site\/wp-content\/uploads\/2024\/01\/ATLANTIDOC-LOGO-Header-03-yellow-02-01.png","width":1460,"height":268,"caption":"ATLANTIDOC"},"image":{"@id":"https:\/\/atlantidoc.com\/site\/#\/schema\/logo\/image\/"}},{"@type":"Person","@id":"https:\/\/atlantidoc.com\/site\/#\/schema\/person\/677fc4fd72cf28df2214d7d64a5c8531","name":"admin","sameAs":["https:\/\/atlantidoc.com\/site"],"url":"https:\/\/atlantidoc.com\/site\/author\/r206986\/"}]}},"_links":{"self":[{"href":"https:\/\/atlantidoc.com\/site\/wp-json\/wp\/v2\/posts\/5166","targetHints":{"allow":["GET"]}}],"collection":[{"href":"https:\/\/atlantidoc.com\/site\/wp-json\/wp\/v2\/posts"}],"about":[{"href":"https:\/\/atlantidoc.com\/site\/wp-json\/wp\/v2\/types\/post"}],"author":[{"embeddable":true,"href":"https:\/\/atlantidoc.com\/site\/wp-json\/wp\/v2\/users\/1"}],"replies":[{"embeddable":true,"href":"https:\/\/atlantidoc.com\/site\/wp-json\/wp\/v2\/comments?post=5166"}],"version-history":[{"count":0,"href":"https:\/\/atlantidoc.com\/site\/wp-json\/wp\/v2\/posts\/5166\/revisions"}],"wp:attachment":[{"href":"https:\/\/atlantidoc.com\/site\/wp-json\/wp\/v2\/media?parent=5166"}],"wp:term":[{"taxonomy":"category","embeddable":true,"href":"https:\/\/atlantidoc.com\/site\/wp-json\/wp\/v2\/categories?post=5166"},{"taxonomy":"post_tag","embeddable":true,"href":"https:\/\/atlantidoc.com\/site\/wp-json\/wp\/v2\/tags?post=5166"}],"curies":[{"name":"wp","href":"https:\/\/api.w.org\/{rel}","templated":true}]}}