{"id":4835,"date":"2024-05-27T08:55:29","date_gmt":"2024-05-27T08:55:29","guid":{"rendered":"https:\/\/atlantidoc.com\/site\/?p=4835"},"modified":"2024-05-27T11:04:52","modified_gmt":"2024-05-27T11:04:52","slug":"18-atlantidoc-cierre-de-inscripciones-y-jurados","status":"publish","type":"post","link":"https:\/\/atlantidoc.com\/site\/18-atlantidoc-cierre-de-inscripciones-y-jurados\/","title":{"rendered":"Atlantidoc 18 &#8211; Cierre de inscripciones y jurados"},"content":{"rendered":"\t\t<div data-elementor-type=\"wp-post\" data-elementor-id=\"4835\" class=\"elementor elementor-4835\" data-elementor-post-type=\"post\">\n\t\t\t\t<div class=\"elementor-element elementor-element-31dcac0 e-flex e-con-boxed e-con e-parent\" data-id=\"31dcac0\" data-element_type=\"container\" data-settings=\"{&quot;ekit_has_onepagescroll_dot&quot;:&quot;yes&quot;}\">\n\t\t\t\t\t<div class=\"e-con-inner\">\n\t\t\t\t<div class=\"elementor-element elementor-element-1d792cc elementor-widget elementor-widget-spacer\" data-id=\"1d792cc\" data-element_type=\"widget\" data-settings=\"{&quot;ekit_we_effect_on&quot;:&quot;none&quot;}\" data-widget_type=\"spacer.default\">\n\t\t\t\t<div class=\"elementor-widget-container\">\n\t\t\t\t\t\t\t<div class=\"elementor-spacer\">\n\t\t\t<div class=\"elementor-spacer-inner\"><\/div>\n\t\t<\/div>\n\t\t\t\t\t\t<\/div>\n\t\t\t\t<\/div>\n\t\t\t\t<div class=\"elementor-element elementor-element-7eefdea elementor-widget elementor-widget-text-editor\" data-id=\"7eefdea\" data-element_type=\"widget\" data-settings=\"{&quot;ekit_we_effect_on&quot;:&quot;none&quot;}\" data-widget_type=\"text-editor.default\">\n\t\t\t\t<div class=\"elementor-widget-container\">\n\t\t\t\t\t\t\t\t\t<p><\/p>\n<p>Hola amigas y amigos:<\/p>\n<p>Como inform\u00e1ramos en nuestra convocatoria de comienzos de febrero las inscripciones del Festival Internacional de Cine Documental del Uruguay, 18 Atlantidoc, cerrar\u00e1n el d\u00eda 31 de mayo pr\u00f3ximo, a las 20 horas de nuestro pa\u00eds.<\/p>\n<p>Ya hemos recibido una cantidad importante de documentales de todo el mundo, estamos en la etapa de verlos todos para la selecci\u00f3n y posterior programaci\u00f3n del festival.<\/p>\n<p><\/p>\n<p>Los jurados de esta nueva edici\u00f3n son:<\/p>\n<p><\/p>\n<p><strong>JURADO INTERNACIONAL:&nbsp;&nbsp;&nbsp; <\/strong><strong>&nbsp;<\/strong><\/p>\n<p><strong>Teresa Curzio &#8211; Alemania&nbsp;&nbsp; <br><\/strong>Mar\u00eda Teresa Curzio es guionista y directora. Entre sus obras se destacan \u201cMore than Strangers\u201d (2023 F\u00f6rderpreis Festival de Cine de Munich, F\u00f6rderpreis SiStars), \u201cWikipedia: Die Schwarmoffensive\u201d (2021) y \u201cVaccum\u201d, considerado uno de los 5 mejores films de 2009 por la Cinemateca Uruguaya. Curzio tiene una larga trayectoria trabajando para la televisi\u00f3n abierta alemana en el \u00e1rea documental. Ha recibido becas del Programa de Medios de la Uni\u00f3n Europea, del Programa de Artistas del Senado de Berl\u00edn y de la Fundaci\u00f3n DEFA. De 2013 a 2020 trabaj\u00f3 para GERMAN FILMS como comisaria de proyectos, asesora y responsable de delegaciones alemanas en festivales y mercados de coproducci\u00f3n en Am\u00e9rica Latina.<\/p>\n<p><strong><br>Aldo Garay &#8211; Uruguay&nbsp; &nbsp; &nbsp; &nbsp;<br><\/strong><span style=\"font-style: inherit; font-weight: inherit; text-align: var(--text-align); background-color: var(--ast-global-color-5); color: var(--ast-global-color-2);\">Es director de cine y realizador de televisi\u00f3n en Uruguay. Ha dirigido varios largometrajes documentales y una ficci\u00f3n, recibiendo m\u00faltiples distinciones y premios internacionales, entre los que se destaca el Teddy Award para \u00abEl hombre nuevo\u00bb en el Festival Internacional de Berl\u00edn, y la selecci\u00f3n de su \u00f3pera prima La Espera al Festival de San Sebasti\u00e1n. Ha sido jurado y tutor de diferentes concursos y festivales y se han realizado retrospectivas de su obra en el Bafici (Festival de Cine Independiente de Buenos Aires), Fidocs (Festival Internacional de Documentales de Santiago de Chile), en la Cineteca Nacional de M\u00e9xico y en Doc Montevideo, Uruguay.<\/span><\/p>\n<p>FILMOGRAF\u00cdA<\/p>\n<p>Carm\u00edn (2023) 74 minutos, documental. Pre-estrenada en Llamale H. 2023. Festival Latino de San Diego (Usa) 2024.<\/p>\n<p>Guitarra Blanca (2022), 68 min, documental. Pre-estrenada en Docmontevideo 2022.<br>Bafici &#8211; Buenos Aires 2023.Sanfic &#8211; Santiago de Chile 2023. Premio Graffiti &#8211; Mejor largo documental- 2023.<\/p>\n<p>El Filmador (2021), 70 min, documental<br>Premio Competencia Oficial Vanguardia y G\u00e9nero, BAFICI 2022. Menci\u00f3n Especial en Lima Alterna 2022. Sanfic &#8211; Santiago de Chile 2022.<\/p>\n<p>Un tal Eduardo (2018)&nbsp; Competencia Oficial Latinoamericana Bafici. Premio Graffiti 2019<\/p>\n<p>El Hombre nuevo (2015)&nbsp; Teddy Award Festival Internacional de Cine de Berl\u00edn, Mejor largometraje Festival Asterisco, Mejor director Festival de Vi\u00f1a del Mar, Menci\u00f3n Especial Festival MIX Copenhagen LGTB, Premio F\u00e9lix mejor documental LGTB Festival de Rio, Premio Miguel de Molina Festival de M\u00e1laga.<\/p>\n<p>El Casamiento (2011) Premiada en los festivales de&nbsp; Bafici,&nbsp; M\u00e1laga, Bogot\u00e1, Trieste, Lima y La Habana.<\/p>\n<p>El C\u00edrculo (2008) co-dirigida con Jos\u00e9 Pedro Charlo. Mejor pel\u00edcula en el Festival de Cine de Trieste y Mejor Documental en el Festival de Cine de M\u00e1laga. Mejor pel\u00edcula en el Festival de cine de Bah\u00eda.<\/p>\n<p>Cerca de la Nubes (2006)&nbsp; Mejor documental uruguayo en 2006.<\/p>\n<p>La Espera (2002)&nbsp; particip\u00f3 en m\u00e1s de 25 festivales internacionales, comenzando su recorrido en la competencia oficial de Zabaltegi en el Festival de San Sebasti\u00e1n en 2022. A lo largo de su recorrido obtuvo 11 premios internacionales. Ha sido premiada en los festivales de: Nantes, Miami, Los \u00c1ngeles, Triste, Bogot\u00e1, Quito y en el Festival Latinoamericano de Montreal, Canad\u00e1.<\/p>\n<p>Mi Gringa, retrato inconcluso (1998).<\/p>\n<p>Yo, la m\u00e1s tremendo (1995).<\/p>\n<p><\/p>\n<p><strong>Fabiano Maciel \u2013 Brasil&nbsp;&nbsp;&nbsp;&nbsp; <br><\/strong>Ha dirigido y guionado cuatro largometrajes documentales, el m\u00e1s conocido y premiado de los cuales es Oscar Niemeyer, a Vida \u00e9 um Sopro (Oscar Niemeyer, la vida es un soplo), de 2005. Desde 2014 vive en S\u00e3o Paulo. Uno de sus trabajos m\u00e1s recientes fue la serie Transamaz\u00f4nica, uma Estrada para o Passado, codirigida con Jorge Bodanzky y emitida por el canal HBO. Gan\u00f3 el Gran Premio del Cine Brasile\u00f1o 2022 en la categor\u00eda de mejor serie documental. Comenz\u00f3 su carrera como productor de los primeros conciertos en Porto Alegre de grupos de rock como Paralamas do Sucesso y se traslad\u00f3 a R\u00edo de Janeiro en 1986, a los 21 a\u00f1os. En 1996, ya como director de documentales, film\u00f3 Mozambique con Renato Barbieri, sobre la reconstrucci\u00f3n del pa\u00eds tras 30 a\u00f1os de guerra civil, que fue seleccionado para el XIII Festival RioCine. Cinco a\u00f1os despu\u00e9s, dirigi\u00f3 Vaidade (2003), sobre los vendedores de cosm\u00e9ticos en el Amazonas, cuya versi\u00f3n de 52 minutos fue premiada en Brasil Documenta 2003 y, dos a\u00f1os m\u00e1s tarde, obtuvo el premio al mejor documental en el Festival Internacional de Cine Etnogr\u00e1fico de R\u00edo de Janeiro. Abordando la vida cotidiana de un pueblo del interior de Para\u00edba que desde 1969 es considerado uno de los m\u00e1s pobres del pa\u00eds, su siguiente trabajo, Carrapateira N\u00e3o Tem Mais Ci\u00fames da Apolo 11, de 2004, recorri\u00f3 los festivales de La Habana (Cuba, 2004), Biarritz (Francia, 2005) e INPUT 2005, en San Francisco (EE UU). Tambi\u00e9n se proyect\u00f3 en el Festival Internacional de Cine Documental organizado por el Museo de Arte Moderno de Nueva York (MoMa).<\/p>\n<p><\/p>\n<p><strong>JURADO DEL ESPACIO URUGUAY:&nbsp;<br>&nbsp; <\/strong><\/p>\n<p><strong style=\"font-style: inherit; text-align: var(--text-align); background-color: var(--ast-global-color-5); color: var(--ast-global-color-2);\">Gabriela Sabat\u00e9 &#8211; Paraguay&nbsp; &nbsp; &nbsp;&nbsp;<br><\/strong>Licenciada en Marketing, egresada de la Universidad Aut\u00f3noma de Asunci\u00f3n.<\/p>\n<p>Particip\u00f3 en PUENTES \u2013 EAVE 2015 \/ 2016. Programa de formaci\u00f3n para Productores Ejecutivos de Am\u00e9rica Latina y Europa y del IV Taller de Producci\u00f3n Ejecutiva de la Fundaci\u00f3n Carolina\/Casa de Am\u00e9rica Madrid, Espa\u00f1a \u2013 Noviembre 2006&nbsp;<\/p>\n<p>Trabaj\u00f3 en pel\u00edculas y cortometrajes de directores paraguayos y latinoamericanos, entre ellos, Paz Encina, Marcelo Martinessi, Pablo Lamar, Lucrecia Martel, Pablo Giorgelli, Lucia Puenzo, Juan Carlos Maneglia y Tana Sch\u00e9mobori, entre otros. Es miembro fundador de la Academia de Ciencias y Artes Cinematogr\u00e1ficas del Paraguay.<\/p>\n<p>En 2009, funda SABAT\u00c9 FILMS, productora independiente, con el objetivo de aportar al crecimiento de la industria cinematogr\u00e1fica del Paraguay desde distintos \u00e1mbitos; econ\u00f3micos, sociales y culturales, enfoc\u00e1ndose en coproducciones largometrajes de ficci\u00f3n y documental de alta calidad t\u00e9cnica, art\u00edstica y con proyecci\u00f3n internacional.<\/p>\n<p><\/p>\n<p><strong>Leonardo Croatto \u2013 Uruguay&nbsp;&nbsp;&nbsp;&nbsp;&nbsp;&nbsp; <br><\/strong>Desde el 8 de agosto de 2016, ejerce como Director de la Escuela Universitaria de M\u00fasica (EUM), habiendo sido electo en las Elecciones Universitarias de la Escuela para el per\u00edodo 2016 &#8211; 2020.<\/p>\n<p>Obtuvo su t\u00edtulo de Doctorado en \u00abArti Visive, Performative, Mediali\u00bb en la Universidad de Bologna, Italia (2019).<\/p>\n<p>Realiz\u00f3 estudios musicales en el Conservatorio Municipal \u00abManuel de Falla\u00bb de Buenos Aires y en Italia, en el Departamento de M\u00fasica de la Facultad de Filosof\u00eda y Letras, Universidad de Bologna, obteniendo en 1987 el t\u00edtulo de grado en&nbsp; \u00abDisciplinas de las Artes, la M\u00fasica y el Espect\u00e1culo\u00bb.<\/p>\n<p>Es docente efectivo de la Universidad de la Rep\u00fablica desde 1989 hasta la fecha: Profesor Adjunto (G\u00b03) del \u00abTaller de Sonido\u00bb de la EUM en el Ciclo de Introducci\u00f3n a la M\u00fasica (CIM) y Prof. Agregado (G\u00ba 4) de \u201cLenguaje y Est\u00e9tica del Sonido\u201d dentro de la secci\u00f3n Medios y Lenguajes Audiovisuales del Departamento de Medios y Lenguajes (DML) en la Facultad de Informaci\u00f3n y Comunicaci\u00f3n (FIC).<\/p>\n<p>Entre 1997 y 2003 fue docente y coordinador acad\u00e9mico de la carrera \u201cT\u00e9cnico en Dise\u00f1o de Sonido\u201d en la Universidad ORT.<\/p>\n<p>En actividades de gesti\u00f3n, ha participado en la organizaci\u00f3n de diversos encuentros acad\u00e9micos en el marco del proyecto Facultad de Artes, Udelar (1er y 2do seminario \u00abProducci\u00f3n Art\u00edstica en la Universidad\u00bb, 2005 &#8211; 2018; Coloquios \u00abFormaci\u00f3n musical en debate y \u201cPor un Programa Nacional de Educaci\u00f3n Musical\u201d, 2007 &#8211; 2017; \u201cEducaci\u00f3n y M\u00fasica Popular\u201d, 2017.<\/p>\n<p>Entre 2003 y 2008 se desempe\u00f1\u00f3 como Asistente Acad\u00e9mico de la Direcci\u00f3n de la EUM, durante los per\u00edodos de Direcci\u00f3n de Daniel Maggiolo y Jorge Camiruaga, as\u00ed como en la coordinaci\u00f3n del \u00e1rea \u201cPr\u00e1ctica de Conjunto\u201d.<\/p>\n<p>Ejerci\u00f3 como coordinador del Centro Nacional de Documentaci\u00f3n Musical \u00abLauro Ayestar\u00e1n\u00bb del Ministerio de Educaci\u00f3n y Cultura (CDM-MEC) entre 2009 y 2012, bajo la Direcci\u00f3n de Cori\u00fan Aharoni\u00e1n, y forma actualmente parte de la Comisi\u00f3n Honoraria del mismo.<\/p>\n<p>Integr\u00f3 la Comisi\u00f3n Conjunta Anep-Udelar, particip\u00f3 en la elaboraci\u00f3n de manuales y planes de estudio del Bachillerato Art\u00edstico, y fue delegado por el \u00c1rea Art\u00edstica ante la Comisi\u00f3n Sectorial de Ense\u00f1anza de la Udelar (2004 &#8211; 2008).<\/p>\n<p>Como m\u00fasico es compositor de m\u00fasicas de escena y bandas sonoras para obras teatrales y producciones audiovisuales, cortinas musicales para radio y televisi\u00f3n en el pa\u00eds y en el exterior, obras instrumentales y electroac\u00fasticas, instalaciones sonoras, etc. Particip\u00f3 como t\u00e9cnico de grabaci\u00f3n en estudio, productor art\u00edstico y arreglador musical en diversos fonogramas de m\u00fasica popular uruguaya.&nbsp;&nbsp; &nbsp;&nbsp;&nbsp;&nbsp;<\/p>\n<p><\/p>\n<p><strong>Claudio Lauria \u2013 Espa\u00f1a <br><\/strong>Es Director y Productor de Cine Documental por pasi\u00f3n. So\u00f1ar es cine, es ilusi\u00f3n, fantas\u00eda y realidad y Fundador y Presidente del SUNCINE Festival Internacional de Cine del Medio Ambiente (FICMA) desde hace 31 a\u00f1os (el festival de cine m\u00e1s antiguo del mundo en su g\u00e9nero), con sede en Barcelona y M\u00e9xico.<\/p>\n<p>El SUNCINE es \u201cel festival elegido\u201d por ONU Medio Ambiente M\u00e9xico desde hace 15 a\u00f1os como \u201cherramienta audiovisual\u201d para la educaci\u00f3n ambiental.<\/p>\n<p>La Organizaci\u00f3n de Estados Americanos (OEA) ha designado al SUNCINE como \u201cFestival de Cine Ambiental de referencia en Am\u00e9rica\u201d.<\/p>\n<p>Ha sido Jurado en decenas de Festivales Internacionales de Cine de diversos pa\u00edses del mundo y es el creador y Fundador del Programa \u201cCada Aula un Cine\u201d, la primera Plataforma Online de Cine Ambiental en espa\u00f1ol para la educaci\u00f3n ambiental, considera que \u201centretener educando y concienciar sensibilizando\u201d es la mejor manera de formar a las nuevas generaciones.<\/p>\n<p>Fue el Co.Fundador de la Asociaci\u00f3n de Festivales de Cine de Catalunya y Co.Fundador de la Environmental Film Festival Network (EFFN), cree en la suma de sinergias y que la cultura no tiene fronteras.<\/p>\n<p>En ocasiones da Conferencias y Master Class de Cine documental y ambiental en Instituciones como Naciones Unidas y Universidades de Espa\u00f1a y Latinoam\u00e9rica, dictando Diplomados para la construcci\u00f3n de Documental Ambiental como en la Universidad de Cali Colombia, Universidad Tecnol\u00f3gica en Le\u00f3n y Tijuana, y tambi\u00e9n Universidad de las Culturas de Aguascalientes (estas en M\u00e9xico).<\/p>\n<p>Ama el cine documental incentivado y motivado por grandes maestros como: Jorge Prelor\u00e1n, Fernando Solanas, Werner Herzog (entre otros), porque es el g\u00e9nero audiovisual m\u00e1s genuino y emotivo para captar un momento de la realidad y transformarlo en la memoria.<\/p>\n<p><\/p>\n<p><strong>JURADO SIGNIS \u00abASOCIACI\u00d3N CAT\u00d3LICA MUNDIAL PARA LA COMUNICACI\u00d3N\u00bb&nbsp;&nbsp;&nbsp;&nbsp; <\/strong><\/p>\n<p><strong><br>Angie Bernal Salazar \u2013 Colombia&nbsp; <br><\/strong>Guionista, investigadora y productora audiovisual colombiana con experiencia en formaci\u00f3n de p\u00fablicos y desarrollo de experiencias de co-creaci\u00f3n comunitaria. Es integrante del Colectivo Audiovisual Katapulta, una organizaci\u00f3n transdisciplinar enfocada en pedagog\u00eda y creaci\u00f3n audiovisual con infancias. Estudi\u00f3 Filosof\u00eda en la Universidad Nacional de Colombia y Producci\u00f3n Ejecutiva para Cine en la Escuela Nacional de Cine. Actualmente hace parte del equipo misional de estrategia territorial audiovisual de la Cinemateca de Bogot\u00e1.<\/p>\n<p><strong>Juan Pablo Donoso &#8211; Chile&nbsp;&nbsp;&nbsp;&nbsp; <br><\/strong>Periodista titulado en la Universidad de Chile.<br>Acad\u00e9mico y Profesor Titular Em\u00e9rito de la Facultad de Artes de la Universidad de Chile.<br>Director de Teatro, Cine y Televisi\u00f3n.<br>Fue Director \u2013 durante 6 a\u00f1os- de Radio de la Universidad de Chile.<br>Fue Director de la Escuela de Teatro de la U. de Chile.<br>Fue Director del Teatro Nacional Chileno de la U. de Chile.<br>Ha realizado m\u00e1s de 28 pel\u00edculas de corto y medio metraje, m\u00e1s de un centenar de programas de televisi\u00f3n y ha dirigido m\u00e1s de 25 obras de teatro.<br>Premio Lope de Vega 1967 &#8211; por dirigir LA BARCA SIN PESCADOR. En 1997 gana el Premio APES como Mejor Director Teatral del a\u00f1o.<br>Imparti\u00f3 clases de Direcci\u00f3n en el Mag\u00edster en Direcci\u00f3n Teatral de la Universidad de Chile; Cine y Est\u00e9tica en la Escuela de Periodismo de la Universidad Nacional Andr\u00e9s Bello.<br>Trabaj\u00f3 17 a\u00f1os para la Escuela de Periodismo de la Universidad Diego Portales, desde 1990, dictando diversas asignaturas de su especialidad.<br>Dicta los cursos de Cine Foro en la U. de Chile (desde 1983), Cr\u00edtica Cinematogr\u00e1fica en la Escuela de Periodismo de la U. Nac. Andr\u00e9s Bello, y Seminario de Tesis en esta misma Universidad.<br>Fue comentarista de Cine durante varios a\u00f1os para las revistas MENSAJE, QUE PASA y PAULA, y tambi\u00e9n en Chilevisi\u00f3n (Canal 11).<br>Es cr\u00edtico de Cine en el sitio virtual www.SIGNIS.cl.<br>Es miembro del C\u00edrculo de Cr\u00edticos de Artes de Chile.<br>En 2014 fue invitado a La Habana por el Centro de Teatro de Cuba para dirigir la obra EL \u00c1NGEL DE LA LUZ, de la que es autor. Publica libro con 5 de sus obras teatrales (2016).<\/p>\n<p><strong><br>Alberto Pigola &#8211; Uruguay&nbsp;&nbsp;&nbsp;&nbsp;&nbsp;&nbsp; <br><\/strong>Fot\u00f3grafo.<br>Docente de Fotograf\u00eda y asesor en la Universidad Cat\u00f3lica del Uruguay.<br>Docente de Fotograf\u00eda y video en el Centro de Dise\u00f1o Industrial (hoy UDELAR).<br>Estudios en Ingenier\u00eda (UDELAR), se Licenci\u00f3 en Ciencias de la Comunicaci\u00f3n Social con \u00e9nfasis en Cine y Televisi\u00f3n (UCU).<br>Docencia y direcci\u00f3n t\u00e9cnica Plan Deni, programa de cine e infancia.<br>Realiza videos institucionales y educativos.<br>Asesoramiento, realizaci\u00f3n&nbsp; y mantenimiento de p\u00e1ginas web.<br>Jurado en festivales de cine y fotograf\u00eda.<\/p>\n<p><\/p>\n<p><strong>JURADO DE OBRAS EXPERIMENTALES Y CORTOMETRAJES:&nbsp;&nbsp;&nbsp;&nbsp;&nbsp;&nbsp;&nbsp; <\/strong><\/p>\n<p><\/p>\n<p><strong>\u00c1ngela L\u00f3pez Ruiz (Uruguay)&nbsp;&nbsp;&nbsp;&nbsp;&nbsp;&nbsp;&nbsp;&nbsp;&nbsp; <br><\/strong>Magister en Estudios Latinoamericanos y Licenciada en Artes Visuales (UdelaR). Particip\u00f3 en ISMO ISMO ISMO Cine Experimental en Am\u00e9rica Latina de Los Angeles Film Forum para el Pacific Standard Time LA\/LA de la Fundaci\u00f3n Getty. Es parte de la Fundaci\u00f3n de Arte Contempor\u00e1neo donde colabora con las actividades del Laboratorio-FAC. Es docente invitada a la Maestr\u00eda de Cine Alternativo de EICTV-Cuba, PHD in practice de la Academia de Arte de Viena y del programa Mentor\u00edas del Ministerio de Educaci\u00f3n y Cultura del Uruguay.<\/p>\n<p>Desarroll\u00f3 su proyecto \u00abArqueolog\u00eda de la Imagen\u00bb en la Fundaci\u00f3n de Arte Contempor\u00e1neo. Su investigaci\u00f3n ha sido expuesta en la 29 \u00aa Bienal de San Pablo (Brasil), PHD in practice de la Academia de Artes de Viena, 7\u00b0 Simposio Films hu\u00e9rfanos (NYU),&nbsp; Working Documents (Barcelona), entre otros.<\/p>\n<p>Como curadora destaca: Mujeres experimentalistas en Am\u00e9rica Latina -Hammer Museum, Berkeley Art Museum and Pacific Film Archive y Cine Tonal\u00e1 de Tijuana (2017), Pioneras del Arte de Acci\u00f3n\/ Centro Cultural de Espa\u00f1a (Montevideo, 2016)&nbsp; Southern Latitude\/ Filmmakers Coop (2016) ,Antolog\u00eda de la Video performance en Uruguay\/ Museo del Barrio\/Nueva York (2008), y las cuatro ediciones de 05982 en la Fundaci\u00f3n de Arte Contempor\u00e1neo. (2006-2009)<\/p>\n<p>Junto a Juliana Rosales crearon los Focos de Acci\u00f3n presentado en 30\u00aa Bienal de San Pablo (2012), 9\u00aa Bienal de Salto (2011) y Encuentro Regional de Arte (2007).<\/p>\n<p><strong><br>Eduardo Casanova (Uruguay)&nbsp;&nbsp;&nbsp;&nbsp;&nbsp;&nbsp;&nbsp;&nbsp;&nbsp;&nbsp;&nbsp;&nbsp; <br><\/strong>Eduardo \u00abPincho\u00bb Casanova Arosteguy es un productor audiovisual, fot\u00f3grafo y video realizador independiente. Autor de cortos e instalaciones en diversos formatos, algunos de los cuales merecieron menciones y premios. Fundador y director del Centro de Medios Audiovisuales, CEMA, en 1982.<\/p>\n<p>Director de Pozodeagua productora dedicada desde 2005 al desarrollo de proyectos culturales.<\/p>\n<p>Desde 1994 realiza el programa televisivo sobre arte \u201cEl Monitor Pl\u00e1stico\u201d al aire en su tercer \u00e9poca desde 2006 con un archivo online formado por m\u00e1s de 500 entrevistas. Premio Morosoli de la Fundaci\u00f3n Lolita Rubial en 2010 por la direcci\u00f3n de El Monitor Pl\u00e1stico.<\/p>\n<p>Como autor, entre sus trabajos se destaca su participaci\u00f3n en el proyecto: el informe orletti. conexi\u00f3n internacional donde presenta la instalaci\u00f3n \u00abOrletti\u00bb, la serie de fotograf\u00edas \u00abrestituciones\u00bb y el video \u00abAutomotora\u00bb.<\/p>\n<p>En noviembre de 2009 inaugura en el CCE su muestra individual: Neojuguetes de motor a pila, realiza un taller para ni\u00f1os y adolescentes. En febrero de 2011 es seleccionado para la IX Bienal de Salto por su obra \u201cEl solitario obrero del tiempo\u201d e invitado por Rillito River Project a participar de un ART Lab, encuentro entre artistas y cient\u00edficos sobre Cambio Clim\u00e1tico, en Tucson, Arizona. En 2014 presenta POEM exposici\u00f3n individual realizada en el Museo de Treinta y Tres y participa de la muestra colectiva \u201cLa imagen gr\u00e1fica\u201d con curadur\u00eda de Rimer Cardillo, en Fundaci\u00f3n Uni\u00f3n, Montevideo. En 2020 expone en forma individual \u00bb La pu\u00f1alada cin\u00e9tica\u00bb en TRIBU Espacio Cultural.<\/p>\n<p>Entre octubre y diciembre de 2014 es invitado a exponer en el Museo de Arte Contempor\u00e1neo de M\u00e9rida, MACAY: La gr\u00e1fica de Uruguay y su historia. En abril de 2015 presenta su libro El motor inm\u00f3vil y la exhibici\u00f3n hom\u00f3nima en la Sala Octavio Podest\u00e1 de Fundaci\u00f3n Uni\u00f3n, Montevideo, Uruguay.<\/p>\n<p>Co autor de El Patio de atr\u00e1s, fotograf\u00edas de Ernesto Vila; Museo Gurvich, octubre de 2021; ZOCO marzo- abril 2022 CCPareja mayo -junio 2022&nbsp;&nbsp;&nbsp;<\/p>\n<p><strong><br>Gabriel Boschi&nbsp; (Argentina)<\/strong>&nbsp;<br>Gabriel Boschi es Licenciado en Direcci\u00f3n Cinematogr\u00e1fica de la Universidad del Cine de Buenos Aires y Maestrando en Cine Documental en la misma instituci\u00f3n. Se desempe\u00f1a como profesor adjunto regular en la Universidad<br>del Cine y como profesor invitado en distintos posgrados de la Universidad de Buenos Aires. Como investigador ha trabajado en el \u00e1rea de Patrimonio Audiovisual del Museo de Arte Moderno de Buenos Aires. Tiene una lista variada de textos publicados en compilaciones y revistas especializadas en cine y artes visuales tecnol\u00f3gicas. Es autor del libro \u201cRobert Kramer. Cineasta americano\u201d, Sans Soleil Ediciones, 2019. Como artista audiovisual ha desarrollado obra en cine y en video.&nbsp;&nbsp;&nbsp;<\/p>\n<p><\/p>\n<p><strong><br>JURADO DE DOCUMENTALES EN CONSTRUCCI\u00d3N:&nbsp;&nbsp;&nbsp;&nbsp; <\/strong><\/p>\n<p><strong>Paula Zyngierman &#8211; Argentina&nbsp;&nbsp;&nbsp; <br><\/strong>Es antrop\u00f3loga, productora y docente, con tres d\u00e9cadas de experiencia en el campo de la producci\u00f3n cinematogr\u00e1fica y televisiva. Ha estado involucrada en diversas productoras argentinas de prestigio, entre ellas K&amp;S, Historias Cinematogr\u00e1ficas, Lita Stantic Producciones, Patagonik.<\/p>\n<p>En su carrera, ha contribuido a la producci\u00f3n de numerosas pel\u00edculas argentinas como \u201cGatica el Mono\u201d de Leonardo Favio, \u201cBuenos Aires Viceversa\u201d de Alejandro Agresti (Cannes 1997), \u201cFoolish Heart\u201d de H\u00e9ctor Babenco (Cannes 1998), \u201cEl hijo de la novia\u201d de Juan Jos\u00e9 Campanella (nominada al Oscar 2001), \u201cTorrente 3\u201d de Santiago Segura. Trabaj\u00f3 como productora ejecutiva de films como \u201cCr\u00f3nica de una fuga\u201d de I. A. Caetano (Cannes 2006) y \u201cEl ni\u00f1o pez\u201d de Luc\u00eda Puenzo (Berlinale 2009).<\/p>\n<p>En 2016 crea MARAVILLACINE, junto a Leandro Listorti, con el objetivo de desarrollar y producir un cine alineado con su visi\u00f3n creativa.<\/p>\n<p>Entre sus pel\u00edculas se destacan Aullido de Invierno de Mat\u00edas Rojas (P\u00d6FF Tallin Film Fest &amp; Toulouse Film Fest 2023, protagonizada por Paulina Garc\u00eda), El Villano de Luis Ziembrowski, Herbaria de Listorti (Premio del Jurado Visions du Reel 2022); Errante de Adriana Lestido en coproducci\u00f3n con Lita Stantic (premio a la innovaci\u00f3n Mar del Plata Film Fest 2022); la coproducci\u00f3n colombiana Amando a Martha (IDFA Luminous 2022); Ese fin de Semana de Mara Pescio (San Sebastian New Directors 2021); Mapa de Sue\u00f1os Latinoamericanos de Martin Weber (Mejor Documental Cin\u00e9latino Rencontres de Toulouse y ganadora en 12 Festivales Internacionales); Las Facultades de Elo\u00edsa Solaas (Mejor Directora Bafici &amp; Gran Premio Zinebi 2019); Chubut Libertad y Tierra de Carlos Echeverr\u00eda (Biarritz 2019); Doce Clavos, cortometraje de Paula Hern\u00e1ndez (ganador Festival Shnit 2018); Marilyn de Martin Rodr\u00edguez en coproducci\u00f3n con Quijote de Chile (Berl\u00edn &amp; San Sebasti\u00e1n 2018); La Pel\u00edcula Infinita de Leandro Listorti (Rotterdam 2018).<\/p>\n<p>En etapa de finalizaci\u00f3n, los documentales Senda india de Daniela Seggiaro (FID Lab Marseille 2020); Cuerpo Criminal de Martin Boluocq (Cannes Docs e IDFA Bertha Fund 2023) en coproducci\u00f3n con Bolivia; Bajo las banderas, el sol de Juanjo Pereira (IDFA Desarrollo, Best Project en Arch\u00e9-DocLisboa 2021, Ibermedia 2022) coproducci\u00f3n con Gabriela Sabat\u00e9 de Paraguay.<\/p>\n<p>Desarrollan la \u00f3pera prima la ficci\u00f3n Los D\u00edas Libres, de Lucila Mariani (La Fabrique Cannes 2023); Una cierta civilizaci\u00f3n de Listorti (Best Pitch Camp4Science Academia Film Olomouc 2023).<\/p>\n<p>Adem\u00e1s de su labor de producci\u00f3n, Paula es docente en instituciones acad\u00e9micas como UNTREF, UCA, ENERC y la Universidad de Belgrano. Realiza cursos de producci\u00f3n y consultor\u00edas en plataformas e instituciones culturales, contribuyendo al desarrollo de la pr\u00f3xima generaci\u00f3n de cineastas.<\/p>\n<p>Trabaja habitualmente como Tutora, Capacitadora y actu\u00f3 como Jurado del Fondo de Fomento Audiovisual de Chile, Brasil CineMundi, Proim\u00e1genes Colombia, Florian\u00f3polis Audiovisual, Festival Asterisco, entre otros. Integr\u00f3 como Jurado el Comit\u00e9 de Pel\u00edculas Documentales Terminadas del INCAA en 2023.<\/p>\n<p><\/p>\n<p><strong>Juan Camilo Alvarez &#8211; Colombia<br><\/strong><span style=\"font-size: 16px;\">Mag\u00edster en Cine Documental de la Universidad del Cine &#8211; Argentina y Profesional en<\/span><\/p>\n<p>Direcci\u00f3n y Producci\u00f3n de Cine y Televisi\u00f3n, con inter\u00e9s conceptual y creativo hacia las<br>narrativas autorreferenciales, el cine experimental, la videoinstalaci\u00f3n, el video performance y el arte sonoro.<\/p>\n<p>Es miembro de la Corporaci\u00f3n Colombiana de Documentalistas ALADOS COLOMBIA, siendo asesor de proyectos en las fases de investigaci\u00f3n, guion, direcci\u00f3n y postproducci\u00f3n y jurado para la selecci\u00f3n mejor documental iberoamericano, actividad en asocio al Festival Internacional de Cine de Cartagena, con representaci\u00f3n en los Premios Oscar de la Academia. Para la revista La Pesadilla de Nanook, hizo parte del comit\u00e9 editorial y escritor durante varios a\u00f1os.<\/p>\n<p>Su experiencia en la direcci\u00f3n de curadur\u00eda, la programaci\u00f3n de pel\u00edculas, coordinaci\u00f3n de talleres creativos, seminarios y ponencias, han sido desarrollados para CINEAUTOPSIA, Festival de Cine Experimental de Bogot\u00e1, la MIDBO &#8211; Muestra Internacional Documental de Bogot\u00e1, FICCALI &#8211; Festival Internacional de Cine de Cali, as\u00ed como el Festival Universitario Equinoxio, La Noche Americana y el Cine Club &#8211; Sala Fundadores.<\/p>\n<p>En el campo editorial su experiencia abarca el programa de la Cinemateca de Bogot\u00e1:<\/p>\n<p>\u201cC\u00e1tedra Cinemateca &#8211; \u00e9ticas, est\u00e9ticas y pol\u00edticas del cine colombiano\u201d, evaluador para la Revista Chilena de Estudios Latinoamericanos de la Universidad de Chile y La Cifra Impar, de la Universidad del Cine \u2013 Argentina. Actualmente es docente para la Maestr\u00eda en Creaci\u00f3n Audiovisual y el Departamento de Artes Visuales de la Pontificia Universidad Javeriana en Bogot\u00e1.<\/p>\n<p><\/p>\n<p><strong>Cristian Sald\u00eda, Chile <br><\/strong><span style=\"font-size: 16px;\">Es Arquitecto de la Universidad del B\u00edo-B\u00edo, tiene un Post\u00edtulo en Realizaci\u00f3n Cinematogr\u00e1fica de la Universidad de Chile y es Mag\u00edster en Arte y Patrimonio de la Universidad de Concepci\u00f3n. Ha sido seleccionado en diversos talleres y laboratorios como el Talent Buenos Aires, DocuLab Guadalajara, Bolivia Lab, Cinescope M\u00e9rida Venezuela, DocMontevideo, Atlantidoc Uruguay, AricaLab y Chiledoc Conecta, entre otros.<\/span><\/p>\n<p>Desde 2015 ha impartido clases en varias universidades chilenas. Actualmente es acad\u00e9mico de la Facultad de Comunicaci\u00f3n, Historia y Ciencias Sociales de la Universidad Cat\u00f3lica de la Sant\u00edsima Concepci\u00f3n, y Jefe de Carrera de Direcci\u00f3n Audiovisual y Multimedia.<\/p>\n<p>Desde el 2017 es director y programador de FRONTERA SUR Festival Internacional de Cine de No Ficci\u00f3n y desde el 2019 dirige FRONTERA SUR LAB Laboratorio de Escritura de Proyectos de Cine de No Ficci\u00f3n. Desde el 2020 forma parte del equipo de selecci\u00f3n de proyectos de no ficci\u00f3n para Cine Chileno del Futuro de Encuentros Australes del Festival Internacional de Cine de Valdivia y desde el 2023 es asesor de proyectos en ese mismo espacio.<\/p>\n<p>Ha realizado conferencias en congresos y ha participado en seminarios y conversatorios en distintos eventos. Ha sido jurado en diversos festivales de cine y ha asesorado proyectos cinematogr\u00e1ficos de Chile, Per\u00fa, Argentina, Bolivia, Brasil y Uruguay.<\/p>\n<p>Su pel\u00edcula \u00abEl ruido de los trenes\u00bb se exhibi\u00f3 en m\u00e1s de 20 festivales internacionales y recibi\u00f3 diversos reconocimientos. Actualmente desarrolla el largometraje \u00abEl viento sopla donde quiere\u201d y es montajista de \u00abUna pel\u00edcula elegante\u00bb, dirigida por la cineasta peruana Lorena Best, que se encuentra en fase de finalizaci\u00f3n.<\/p>\n<p><\/p>\t\t\t\t\t\t\t\t<\/div>\n\t\t\t\t<\/div>\n\t\t\t\t<div class=\"elementor-element elementor-element-12bc50e elementor-widget elementor-widget-spacer\" data-id=\"12bc50e\" data-element_type=\"widget\" data-settings=\"{&quot;ekit_we_effect_on&quot;:&quot;none&quot;}\" data-widget_type=\"spacer.default\">\n\t\t\t\t<div class=\"elementor-widget-container\">\n\t\t\t\t\t\t\t<div class=\"elementor-spacer\">\n\t\t\t<div class=\"elementor-spacer-inner\"><\/div>\n\t\t<\/div>\n\t\t\t\t\t\t<\/div>\n\t\t\t\t<\/div>\n\t\t\t\t\t<\/div>\n\t\t\t\t<\/div>\n\t\t\t\t<\/div>\n\t\t","protected":false},"excerpt":{"rendered":"<p>Hola amigas y amigos: Como inform\u00e1ramos en nuestra convocatoria de comienzos de febrero las inscripciones del Festival Internacional de Cine Documental del Uruguay, 18 Atlantidoc, cerrar\u00e1n el d\u00eda 31 de mayo pr\u00f3ximo, a las 20 horas de nuestro pa\u00eds. Ya hemos recibido una cantidad importante de documentales de todo el mundo, estamos en la etapa [&hellip;]<\/p>\n","protected":false},"author":1,"featured_media":0,"comment_status":"closed","ping_status":"closed","sticky":false,"template":"","format":"standard","meta":{"site-sidebar-layout":"default","site-content-layout":"","ast-site-content-layout":"","site-content-style":"default","site-sidebar-style":"default","ast-global-header-display":"","ast-banner-title-visibility":"","ast-main-header-display":"","ast-hfb-above-header-display":"","ast-hfb-below-header-display":"","ast-hfb-mobile-header-display":"","site-post-title":"","ast-breadcrumbs-content":"","ast-featured-img":"","footer-sml-layout":"","theme-transparent-header-meta":"","adv-header-id-meta":"","stick-header-meta":"","header-above-stick-meta":"","header-main-stick-meta":"","header-below-stick-meta":"","astra-migrate-meta-layouts":"default","ast-page-background-enabled":"default","ast-page-background-meta":{"desktop":{"background-color":"var(--ast-global-color-4)","background-image":"","background-repeat":"repeat","background-position":"center center","background-size":"auto","background-attachment":"scroll","background-type":"","background-media":"","overlay-type":"","overlay-color":"","overlay-opacity":"","overlay-gradient":""},"tablet":{"background-color":"","background-image":"","background-repeat":"repeat","background-position":"center center","background-size":"auto","background-attachment":"scroll","background-type":"","background-media":"","overlay-type":"","overlay-color":"","overlay-opacity":"","overlay-gradient":""},"mobile":{"background-color":"","background-image":"","background-repeat":"repeat","background-position":"center center","background-size":"auto","background-attachment":"scroll","background-type":"","background-media":"","overlay-type":"","overlay-color":"","overlay-opacity":"","overlay-gradient":""}},"ast-content-background-meta":{"desktop":{"background-color":"var(--ast-global-color-5)","background-image":"","background-repeat":"repeat","background-position":"center center","background-size":"auto","background-attachment":"scroll","background-type":"","background-media":"","overlay-type":"","overlay-color":"","overlay-opacity":"","overlay-gradient":""},"tablet":{"background-color":"var(--ast-global-color-5)","background-image":"","background-repeat":"repeat","background-position":"center center","background-size":"auto","background-attachment":"scroll","background-type":"","background-media":"","overlay-type":"","overlay-color":"","overlay-opacity":"","overlay-gradient":""},"mobile":{"background-color":"var(--ast-global-color-5)","background-image":"","background-repeat":"repeat","background-position":"center center","background-size":"auto","background-attachment":"scroll","background-type":"","background-media":"","overlay-type":"","overlay-color":"","overlay-opacity":"","overlay-gradient":""}},"footnotes":""},"categories":[1],"tags":[],"class_list":["post-4835","post","type-post","status-publish","format-standard","hentry","category-general"],"yoast_head":"<!-- This site is optimized with the Yoast SEO plugin v27.2 - https:\/\/yoast.com\/product\/yoast-seo-wordpress\/ -->\n<title>Atlantidoc 18 - Cierre de inscripciones y jurados -<\/title>\n<meta name=\"robots\" content=\"index, follow, max-snippet:-1, max-image-preview:large, max-video-preview:-1\" \/>\n<link rel=\"canonical\" href=\"https:\/\/atlantidoc.com\/site\/18-atlantidoc-cierre-de-inscripciones-y-jurados\/\" \/>\n<meta property=\"og:locale\" content=\"es_ES\" \/>\n<meta property=\"og:type\" content=\"article\" \/>\n<meta property=\"og:title\" content=\"Atlantidoc 18 - Cierre de inscripciones y jurados -\" \/>\n<meta property=\"og:description\" content=\"Hola amigas y amigos: Como inform\u00e1ramos en nuestra convocatoria de comienzos de febrero las inscripciones del Festival Internacional de Cine Documental del Uruguay, 18 Atlantidoc, cerrar\u00e1n el d\u00eda 31 de mayo pr\u00f3ximo, a las 20 horas de nuestro pa\u00eds. Ya hemos recibido una cantidad importante de documentales de todo el mundo, estamos en la etapa [&hellip;]\" \/>\n<meta property=\"og:url\" content=\"https:\/\/atlantidoc.com\/site\/18-atlantidoc-cierre-de-inscripciones-y-jurados\/\" \/>\n<meta property=\"article:published_time\" content=\"2024-05-27T08:55:29+00:00\" \/>\n<meta property=\"article:modified_time\" content=\"2024-05-27T11:04:52+00:00\" \/>\n<meta name=\"author\" content=\"admin\" \/>\n<meta name=\"twitter:card\" content=\"summary_large_image\" \/>\n<meta name=\"twitter:label1\" content=\"Written by\" \/>\n\t<meta name=\"twitter:data1\" content=\"admin\" \/>\n\t<meta name=\"twitter:label2\" content=\"Est. reading time\" \/>\n\t<meta name=\"twitter:data2\" content=\"20 minutos\" \/>\n<script type=\"application\/ld+json\" class=\"yoast-schema-graph\">{\"@context\":\"https:\/\/schema.org\",\"@graph\":[{\"@type\":\"Article\",\"@id\":\"https:\/\/atlantidoc.com\/site\/18-atlantidoc-cierre-de-inscripciones-y-jurados\/#article\",\"isPartOf\":{\"@id\":\"https:\/\/atlantidoc.com\/site\/18-atlantidoc-cierre-de-inscripciones-y-jurados\/\"},\"author\":{\"name\":\"admin\",\"@id\":\"https:\/\/atlantidoc.com\/site\/#\/schema\/person\/677fc4fd72cf28df2214d7d64a5c8531\"},\"headline\":\"Atlantidoc 18 &#8211; Cierre de inscripciones y jurados\",\"datePublished\":\"2024-05-27T08:55:29+00:00\",\"dateModified\":\"2024-05-27T11:04:52+00:00\",\"mainEntityOfPage\":{\"@id\":\"https:\/\/atlantidoc.com\/site\/18-atlantidoc-cierre-de-inscripciones-y-jurados\/\"},\"wordCount\":4049,\"publisher\":{\"@id\":\"https:\/\/atlantidoc.com\/site\/#organization\"},\"articleSection\":[\"General\"],\"inLanguage\":\"es-UY\"},{\"@type\":\"WebPage\",\"@id\":\"https:\/\/atlantidoc.com\/site\/18-atlantidoc-cierre-de-inscripciones-y-jurados\/\",\"url\":\"https:\/\/atlantidoc.com\/site\/18-atlantidoc-cierre-de-inscripciones-y-jurados\/\",\"name\":\"Atlantidoc 18 - Cierre de inscripciones y jurados -\",\"isPartOf\":{\"@id\":\"https:\/\/atlantidoc.com\/site\/#website\"},\"datePublished\":\"2024-05-27T08:55:29+00:00\",\"dateModified\":\"2024-05-27T11:04:52+00:00\",\"breadcrumb\":{\"@id\":\"https:\/\/atlantidoc.com\/site\/18-atlantidoc-cierre-de-inscripciones-y-jurados\/#breadcrumb\"},\"inLanguage\":\"es-UY\",\"potentialAction\":[{\"@type\":\"ReadAction\",\"target\":[\"https:\/\/atlantidoc.com\/site\/18-atlantidoc-cierre-de-inscripciones-y-jurados\/\"]}]},{\"@type\":\"BreadcrumbList\",\"@id\":\"https:\/\/atlantidoc.com\/site\/18-atlantidoc-cierre-de-inscripciones-y-jurados\/#breadcrumb\",\"itemListElement\":[{\"@type\":\"ListItem\",\"position\":1,\"name\":\"Home\",\"item\":\"https:\/\/atlantidoc.com\/site\/\"},{\"@type\":\"ListItem\",\"position\":2,\"name\":\"Atlantidoc 18 &#8211; Cierre de inscripciones y jurados\"}]},{\"@type\":\"WebSite\",\"@id\":\"https:\/\/atlantidoc.com\/site\/#website\",\"url\":\"https:\/\/atlantidoc.com\/site\/\",\"name\":\"ATLANTIDOC.COM\",\"description\":\"Atlantidoc - Festival Internacional de Cine Documental de Uruguay\",\"publisher\":{\"@id\":\"https:\/\/atlantidoc.com\/site\/#organization\"},\"potentialAction\":[{\"@type\":\"SearchAction\",\"target\":{\"@type\":\"EntryPoint\",\"urlTemplate\":\"https:\/\/atlantidoc.com\/site\/?s={search_term_string}\"},\"query-input\":{\"@type\":\"PropertyValueSpecification\",\"valueRequired\":true,\"valueName\":\"search_term_string\"}}],\"inLanguage\":\"es-UY\"},{\"@type\":\"Organization\",\"@id\":\"https:\/\/atlantidoc.com\/site\/#organization\",\"name\":\"ATLANTIDOC\",\"url\":\"https:\/\/atlantidoc.com\/site\/\",\"logo\":{\"@type\":\"ImageObject\",\"inLanguage\":\"es-UY\",\"@id\":\"https:\/\/atlantidoc.com\/site\/#\/schema\/logo\/image\/\",\"url\":\"https:\/\/atlantidoc.com\/site\/wp-content\/uploads\/2024\/01\/ATLANTIDOC-LOGO-Header-03-yellow-02-01.png\",\"contentUrl\":\"https:\/\/atlantidoc.com\/site\/wp-content\/uploads\/2024\/01\/ATLANTIDOC-LOGO-Header-03-yellow-02-01.png\",\"width\":1460,\"height\":268,\"caption\":\"ATLANTIDOC\"},\"image\":{\"@id\":\"https:\/\/atlantidoc.com\/site\/#\/schema\/logo\/image\/\"}},{\"@type\":\"Person\",\"@id\":\"https:\/\/atlantidoc.com\/site\/#\/schema\/person\/677fc4fd72cf28df2214d7d64a5c8531\",\"name\":\"admin\",\"sameAs\":[\"https:\/\/atlantidoc.com\/site\"],\"url\":\"https:\/\/atlantidoc.com\/site\/author\/r206986\/\"}]}<\/script>\n<!-- \/ Yoast SEO plugin. -->","yoast_head_json":{"title":"Atlantidoc 18 - Cierre de inscripciones y jurados -","robots":{"index":"index","follow":"follow","max-snippet":"max-snippet:-1","max-image-preview":"max-image-preview:large","max-video-preview":"max-video-preview:-1"},"canonical":"https:\/\/atlantidoc.com\/site\/18-atlantidoc-cierre-de-inscripciones-y-jurados\/","og_locale":"es_ES","og_type":"article","og_title":"Atlantidoc 18 - Cierre de inscripciones y jurados -","og_description":"Hola amigas y amigos: Como inform\u00e1ramos en nuestra convocatoria de comienzos de febrero las inscripciones del Festival Internacional de Cine Documental del Uruguay, 18 Atlantidoc, cerrar\u00e1n el d\u00eda 31 de mayo pr\u00f3ximo, a las 20 horas de nuestro pa\u00eds. Ya hemos recibido una cantidad importante de documentales de todo el mundo, estamos en la etapa [&hellip;]","og_url":"https:\/\/atlantidoc.com\/site\/18-atlantidoc-cierre-de-inscripciones-y-jurados\/","article_published_time":"2024-05-27T08:55:29+00:00","article_modified_time":"2024-05-27T11:04:52+00:00","author":"admin","twitter_card":"summary_large_image","twitter_misc":{"Written by":"admin","Est. reading time":"20 minutos"},"schema":{"@context":"https:\/\/schema.org","@graph":[{"@type":"Article","@id":"https:\/\/atlantidoc.com\/site\/18-atlantidoc-cierre-de-inscripciones-y-jurados\/#article","isPartOf":{"@id":"https:\/\/atlantidoc.com\/site\/18-atlantidoc-cierre-de-inscripciones-y-jurados\/"},"author":{"name":"admin","@id":"https:\/\/atlantidoc.com\/site\/#\/schema\/person\/677fc4fd72cf28df2214d7d64a5c8531"},"headline":"Atlantidoc 18 &#8211; Cierre de inscripciones y jurados","datePublished":"2024-05-27T08:55:29+00:00","dateModified":"2024-05-27T11:04:52+00:00","mainEntityOfPage":{"@id":"https:\/\/atlantidoc.com\/site\/18-atlantidoc-cierre-de-inscripciones-y-jurados\/"},"wordCount":4049,"publisher":{"@id":"https:\/\/atlantidoc.com\/site\/#organization"},"articleSection":["General"],"inLanguage":"es-UY"},{"@type":"WebPage","@id":"https:\/\/atlantidoc.com\/site\/18-atlantidoc-cierre-de-inscripciones-y-jurados\/","url":"https:\/\/atlantidoc.com\/site\/18-atlantidoc-cierre-de-inscripciones-y-jurados\/","name":"Atlantidoc 18 - Cierre de inscripciones y jurados -","isPartOf":{"@id":"https:\/\/atlantidoc.com\/site\/#website"},"datePublished":"2024-05-27T08:55:29+00:00","dateModified":"2024-05-27T11:04:52+00:00","breadcrumb":{"@id":"https:\/\/atlantidoc.com\/site\/18-atlantidoc-cierre-de-inscripciones-y-jurados\/#breadcrumb"},"inLanguage":"es-UY","potentialAction":[{"@type":"ReadAction","target":["https:\/\/atlantidoc.com\/site\/18-atlantidoc-cierre-de-inscripciones-y-jurados\/"]}]},{"@type":"BreadcrumbList","@id":"https:\/\/atlantidoc.com\/site\/18-atlantidoc-cierre-de-inscripciones-y-jurados\/#breadcrumb","itemListElement":[{"@type":"ListItem","position":1,"name":"Home","item":"https:\/\/atlantidoc.com\/site\/"},{"@type":"ListItem","position":2,"name":"Atlantidoc 18 &#8211; Cierre de inscripciones y jurados"}]},{"@type":"WebSite","@id":"https:\/\/atlantidoc.com\/site\/#website","url":"https:\/\/atlantidoc.com\/site\/","name":"ATLANTIDOC.COM","description":"Atlantidoc - Festival Internacional de Cine Documental de Uruguay","publisher":{"@id":"https:\/\/atlantidoc.com\/site\/#organization"},"potentialAction":[{"@type":"SearchAction","target":{"@type":"EntryPoint","urlTemplate":"https:\/\/atlantidoc.com\/site\/?s={search_term_string}"},"query-input":{"@type":"PropertyValueSpecification","valueRequired":true,"valueName":"search_term_string"}}],"inLanguage":"es-UY"},{"@type":"Organization","@id":"https:\/\/atlantidoc.com\/site\/#organization","name":"ATLANTIDOC","url":"https:\/\/atlantidoc.com\/site\/","logo":{"@type":"ImageObject","inLanguage":"es-UY","@id":"https:\/\/atlantidoc.com\/site\/#\/schema\/logo\/image\/","url":"https:\/\/atlantidoc.com\/site\/wp-content\/uploads\/2024\/01\/ATLANTIDOC-LOGO-Header-03-yellow-02-01.png","contentUrl":"https:\/\/atlantidoc.com\/site\/wp-content\/uploads\/2024\/01\/ATLANTIDOC-LOGO-Header-03-yellow-02-01.png","width":1460,"height":268,"caption":"ATLANTIDOC"},"image":{"@id":"https:\/\/atlantidoc.com\/site\/#\/schema\/logo\/image\/"}},{"@type":"Person","@id":"https:\/\/atlantidoc.com\/site\/#\/schema\/person\/677fc4fd72cf28df2214d7d64a5c8531","name":"admin","sameAs":["https:\/\/atlantidoc.com\/site"],"url":"https:\/\/atlantidoc.com\/site\/author\/r206986\/"}]}},"_links":{"self":[{"href":"https:\/\/atlantidoc.com\/site\/wp-json\/wp\/v2\/posts\/4835","targetHints":{"allow":["GET"]}}],"collection":[{"href":"https:\/\/atlantidoc.com\/site\/wp-json\/wp\/v2\/posts"}],"about":[{"href":"https:\/\/atlantidoc.com\/site\/wp-json\/wp\/v2\/types\/post"}],"author":[{"embeddable":true,"href":"https:\/\/atlantidoc.com\/site\/wp-json\/wp\/v2\/users\/1"}],"replies":[{"embeddable":true,"href":"https:\/\/atlantidoc.com\/site\/wp-json\/wp\/v2\/comments?post=4835"}],"version-history":[{"count":0,"href":"https:\/\/atlantidoc.com\/site\/wp-json\/wp\/v2\/posts\/4835\/revisions"}],"wp:attachment":[{"href":"https:\/\/atlantidoc.com\/site\/wp-json\/wp\/v2\/media?parent=4835"}],"wp:term":[{"taxonomy":"category","embeddable":true,"href":"https:\/\/atlantidoc.com\/site\/wp-json\/wp\/v2\/categories?post=4835"},{"taxonomy":"post_tag","embeddable":true,"href":"https:\/\/atlantidoc.com\/site\/wp-json\/wp\/v2\/tags?post=4835"}],"curies":[{"name":"wp","href":"https:\/\/api.w.org\/{rel}","templated":true}]}}